{"id":233293,"date":"2021-07-15T11:00:00","date_gmt":"2021-07-15T11:00:00","guid":{"rendered":"https:\/\/www.heimwerkertools.com\/magazin\/?p=233293"},"modified":"2022-12-08T16:08:54","modified_gmt":"2022-12-08T15:08:54","slug":"dekoration-schwarze-akzente-setzen","status":"publish","type":"post","link":"https:\/\/www.hwt-pro.com\/magazin\/dekoration-schwarze-akzente-setzen\/","title":{"rendered":"Dekoration: Schwarze Akzente setzen"},"content":{"rendered":"<p>Schwarz als dekoratives Element ist wieder im Kommen. Die Farbe, die lange Zeit Kellern und Fotolaboren vorbehalten war, hat in der Raumgestaltung eine Renaissance erfahren. So wie Smartphones heute ein Dark Theme haben, werden Innenr\u00e4ume mit schwarz nuancierter, dunkler aber auch tiefer. Meistens erreichst du diese Stimmung, in dem eine Wand im Raum schwarz angemalt wird. Schwarz kann aber auch im Kleinen wirken und Akzente setzen. Schwarz dekorieren macht Spa\u00df und kostet nicht viel Geld.<\/p>\n<p>&nbsp;<\/p>\n<p>Schwarze Dekoration dr\u00e4ngt sich nicht in den Vordergrund, wirkt aber gleichzeitig seri\u00f6s. Eine dunkle Wand l\u00e4sst zum Beispiel die <a href=\"https:\/\/www.hwt-pro.com\/beleuchtung\/anbau-multi-weiss-leuchten\/anbauleuchten\/led-12-v\/5777\/flexible-led-leseleuchte-modus-dimmbar-12-v-leselampe-mit-usb-ladestation?number=\">M\u00f6bel leuchten<\/a>, die dunkle Grundhaltung in der Wohnung hilft beim Abschalten und Einh\u00fcllen. Eine schwarze Bettw\u00e4sche kann anderen Elementen im Schlafzimmer mehr Prominenz geben, wie einem Nachtisch oder einer Lampe.<\/p>\n<p>&nbsp;<\/p>\n<p>Um die Farbe Schwarz in die Wohnung oder das Haus zu bringen, braucht es nicht viel. Sie passt zu jeder anderen Farbe, ohne komplement\u00e4r zu wirken. Bei Schwarz spielt die Dosis eine gro\u00dfe Rolle: Viel Schwarz dunkelt den Raum ab und hebt bestimmte Elemente hervor. Wenig Schwarz setzt Akzente, betont Konturen und bringt Struktur und Ordnung.<\/p>\n<p>&nbsp;<\/p>\n<div id=\"ez-toc-container\" class=\"ez-toc-v2_0_69_1 ez-toc-wrap-right counter-flat ez-toc-counter ez-toc-custom ez-toc-container-direction\">\n<div class=\"ez-toc-title-container\">\n<p class=\"ez-toc-title ez-toc-toggle\" style=\"cursor: pointer\">Themen im &Uuml;berblick<\/p>\n<span class=\"ez-toc-title-toggle\"><a href=\"#\" class=\"ez-toc-pull-right ez-toc-btn ez-toc-btn-xs ez-toc-btn-default ez-toc-toggle\" aria-label=\"Toggle Table of Content\"><span class=\"ez-toc-js-icon-con\"><span class=\"\"><span class=\"eztoc-hide\" style=\"display:none;\">Toggle<\/span><span class=\"ez-toc-icon-toggle-span\"><svg style=\"fill: #000000;color:#000000\" xmlns=\"http:\/\/www.w3.org\/2000\/svg\" class=\"list-377408\" width=\"20px\" height=\"20px\" viewBox=\"0 0 24 24\" fill=\"none\"><path d=\"M6 6H4v2h2V6zm14 0H8v2h12V6zM4 11h2v2H4v-2zm16 0H8v2h12v-2zM4 16h2v2H4v-2zm16 0H8v2h12v-2z\" fill=\"currentColor\"><\/path><\/svg><svg style=\"fill: #000000;color:#000000\" class=\"arrow-unsorted-368013\" xmlns=\"http:\/\/www.w3.org\/2000\/svg\" width=\"10px\" height=\"10px\" viewBox=\"0 0 24 24\" version=\"1.2\" baseProfile=\"tiny\"><path d=\"M18.2 9.3l-6.2-6.3-6.2 6.3c-.2.2-.3.4-.3.7s.1.5.3.7c.2.2.4.3.7.3h11c.3 0 .5-.1.7-.3.2-.2.3-.5.3-.7s-.1-.5-.3-.7zM5.8 14.7l6.2 6.3 6.2-6.3c.2-.2.3-.5.3-.7s-.1-.5-.3-.7c-.2-.2-.4-.3-.7-.3h-11c-.3 0-.5.1-.7.3-.2.2-.3.5-.3.7s.1.5.3.7z\"\/><\/svg><\/span><\/span><\/span><\/a><\/span><\/div>\n<nav><ul class='ez-toc-list ez-toc-list-level-1 eztoc-toggle-hide-by-default' ><li class='ez-toc-page-1'><a class=\"ez-toc-link ez-toc-heading-1\" href=\"https:\/\/www.hwt-pro.com\/magazin\/dekoration-schwarze-akzente-setzen\/#Der_erste_Eindruck_Schwarz_in_der_Garderobe\" title=\"Der erste Eindruck: Schwarz in der Garderobe\">Der erste Eindruck: Schwarz in der Garderobe<\/a><\/li><li class='ez-toc-page-1'><a class=\"ez-toc-link ez-toc-heading-2\" href=\"https:\/\/www.hwt-pro.com\/magazin\/dekoration-schwarze-akzente-setzen\/#Das_Wohnzimmer_schwarz_dekorieren\" title=\"Das Wohnzimmer schwarz dekorieren\">Das Wohnzimmer schwarz dekorieren<\/a><\/li><li class='ez-toc-page-1'><a class=\"ez-toc-link ez-toc-heading-3\" href=\"https:\/\/www.hwt-pro.com\/magazin\/dekoration-schwarze-akzente-setzen\/#Nichts_anbrennen_lassen_Schwarze_Dekotrends_in_der_Kueche\" title=\"Nichts anbrennen lassen: Schwarze Dekotrends in der K\u00fcche\">Nichts anbrennen lassen: Schwarze Dekotrends in der K\u00fcche<\/a><\/li><li class='ez-toc-page-1'><a class=\"ez-toc-link ez-toc-heading-4\" href=\"https:\/\/www.hwt-pro.com\/magazin\/dekoration-schwarze-akzente-setzen\/#Schwarze_Deko_im_Badezimmer\" title=\"Schwarze Deko im Badezimmer\">Schwarze Deko im Badezimmer<\/a><\/li><li class='ez-toc-page-1'><a class=\"ez-toc-link ez-toc-heading-5\" href=\"https:\/\/www.hwt-pro.com\/magazin\/dekoration-schwarze-akzente-setzen\/#Im_Bett_darfst_du_gerne_schwarzsehen\" title=\"Im Bett darfst du gerne schwarzsehen\">Im Bett darfst du gerne schwarzsehen<\/a><\/li><li class='ez-toc-page-1'><a class=\"ez-toc-link ez-toc-heading-6\" href=\"https:\/\/www.hwt-pro.com\/magazin\/dekoration-schwarze-akzente-setzen\/#Schwarze_Dekoration_und_Holz\" title=\"Schwarze Dekoration und Holz\">Schwarze Dekoration und Holz<\/a><\/li><li class='ez-toc-page-1'><a class=\"ez-toc-link ez-toc-heading-7\" href=\"https:\/\/www.hwt-pro.com\/magazin\/dekoration-schwarze-akzente-setzen\/#Schwarz_dekorieren_mit_Fantasie\" title=\"Schwarz dekorieren mit Fantasie\">Schwarz dekorieren mit Fantasie<\/a><\/li><\/ul><\/nav><\/div>\n<h2 class=\"western\"><span class=\"ez-toc-section\" id=\"Der_erste_Eindruck_Schwarz_in_der_Garderobe\"><\/span>Der erste Eindruck: Schwarz in der Garderobe<span class=\"ez-toc-section-end\"><\/span><\/h2>\n<p>Schon beim Betreten des Hauses oder Wohnung kannst du schwarze Dekoideen verwirklichen. Das f\u00e4ngt bei schwarzen Garderobenhaken an und geht bis zur schwarzen Kommode. Du kannst einen Spiegel mit einem schwarzen Rahmen versehen oder auf dem Schuhschrank eine schwarze Schale aufstellen, in der du Schl\u00fcssel und andere kleine Gegenst\u00e4nde ablegst. Auch eine schwarze Lampe macht sich in der Garderobe gut, ihre neutrale Farbe st\u00f6rt sich nicht mit anderen Einrichtungsgegenst\u00e4nden. Wenn du besonders raffiniert sein willst, baust du <a href=\"https:\/\/www.hwt-pro.com\/beleuchtung\/led-baender-profile-schalter\/aluminiumprofile\/unterbauprofile\/6061\/loox5-led-unterbauprofil-2102-aus-aluminium-innenbreite-11-mm?c=10088\"><span style=\"color: #1155cc;\"><span style=\"text-decoration: underline;\">schwarze Sockelleuchten<\/span><\/span><\/a> ein, die wie bei einer Runway am Flughafen den Weg in die Wohnung weisen.<\/p>\n<p>&nbsp;<\/p>\n<p>&nbsp;<\/p>\n<h2 class=\"western\"><span class=\"ez-toc-section\" id=\"Das_Wohnzimmer_schwarz_dekorieren\"><\/span>Das Wohnzimmer schwarz dekorieren<span class=\"ez-toc-section-end\"><\/span><\/h2>\n<p>Einen ersten Effekt wirst du mit schwarzen Vorh\u00e4ngen haben. Sie dunkeln den Raum nicht nur im Sommer ab, sondern wirken auch nach innen. Sie schlucken Licht, und damit gewinnen andere Bereich des Zimmers an Bedeutung. Selbst, wenn die Vorh\u00e4nge nur halb zugezogen sind, ist dieser Effekt vorhanden. Sie k\u00f6nnen zum Beispiel eine schwarze Wand ersetzen. Eine weitere M\u00f6glichkeit, viel Schwarz zu verwenden, sind Sofas und Sessel. Auch sie verschwinden geradezu optisch im Raum und heben andere M\u00f6belst\u00fccke hervor.<\/p>\n<p>&nbsp;<\/p>\n<p>Wenn es um schwarze Dekoration geht, dann kannst du mit wenig viel erreichen. Zum Beispiel mit schwarzen Bilderrahmen, die einem Foto oder Gem\u00e4lde eine klare und feine Kontur geben. Gerade auf wei\u00dfen W\u00e4nden unterstreichen sie die Bedeutung des Bildes. Eine andere M\u00f6glichkeit sind schwarze Tischdecken. Auf ihnen kommen wei\u00dfe oder gar goldfarbene Teller erst richtig zur Geltung, das gleich gilt f\u00fcr das Besteck. Kupfer, Silber, Messing und Gold strahlen W\u00e4rme aus und reflektieren Licht \u2013 und sind so das beste Hilfsmittel, um Schwarz gut aussehen zu lassen.<\/p>\n<p>&nbsp;<\/p>\n<p>Der gr\u00f6\u00dfte Vorteil von Schwarz ist, dass es Konturen fein hervorhebt und \u2013&nbsp;du kennst es aus der Mode \u2013&nbsp; schlank macht. So wird ein schwarzer Kerzenleuchter auf dem Esstisch als weniger wuchtig wahrgenommen, als wenn er aus Metall w\u00e4re.<\/p>\n<p>&nbsp;<\/p>\n<p>&nbsp;<\/p>\n<h2 class=\"western\"><span class=\"ez-toc-section\" id=\"Nichts_anbrennen_lassen_Schwarze_Dekotrends_in_der_Kueche\"><\/span>Nichts anbrennen lassen: Schwarze Dekotrends in der K\u00fcche<span class=\"ez-toc-section-end\"><\/span><\/h2>\n<p>Fr\u00fcher waren K\u00fcchen schwarz vom Ru\u00df des Feuers, vielleicht haben wir deshalb so lange an den sauberen wei\u00dfen K\u00fcchen festgehalten. Aber jetzt kommt die Farbe Schwarz zur\u00fcck, bei ganzen K\u00fcchenzeilen oder bei bestimmten schwarzen Dekoelementen. Die Obstschale in Schwarz l\u00e4sst jede Frucht strahlen. Schwarze B\u00fcrsten und Sp\u00fcllappen sowie Abtropfgestelle geben der K\u00fcche ein modernes Antlitz. Mit einem schwarzen <a title=\"Schwarz dekorieren - Sp\u00fclbecken schwarz von H\u00e4fele\" href=\"https:\/\/www.hwt-pro.com\/moebelbeschlaege\/kuechen-ausstattung\/spuelen-armaturen\/5967\/aufbauspuele-as01b-mit-abtropfbecken-1000-x-500-mm?c=422\">Sp\u00fclbecken im futuristischen Design<\/a> hast du einen echten Hingucker.<\/p>\n<p>&nbsp;<\/p>\n<p style=\"text-align: center;\"><a href=\"https:\/\/www.hwt-pro.com\/moebelbeschlaege\/kuechen-ausstattung\/spuelen-armaturen\"><img decoding=\"async\" id=\"tinymce-editor-image-cf42ec28-b00a-4814-bf96-2fa180708cc6\" class=\"tinymce-editor-image tinymce-editor-image-cf42ec28-b00a-4814-bf96-2fa180708cc6\" src=\"https:\/\/www.hwt-pro.com\/magazin\/wp-content\/uploads\/Schwarze-Dekoration-Aufbausp-le-schwarz-mit-Abtropfbecken.jpg\" alt=\"Schwarze-Dekoration-Aufbausp-le-schwarz-mit-Abtropfbecken\" data-src=\"https:\/\/www.hwt-pro.com\/magazin\/wp-content\/uploads\/Schwarze-Dekoration-Aufbausp-le-schwarz-mit-Abtropfbecken.jpg\"><\/a><\/p>\n<p>&nbsp;<\/p>\n<p>Dunkle T\u00f6ne in der K\u00fcche verleihen allgemein dem Raum um Herd und Sp\u00fcle mehr Tiefe. Und wenn du in der K\u00fcche deine eigenen Kr\u00e4uter ziehst, sehen diese in schwarzen Blument\u00f6pfen bestens aus und das Gr\u00fcn sticht besonders stark hervor. Du kannst auch ein dekoratives Teeservice in Schwarz auf den K\u00fcchentisch stellen, oder auf einem schwarzen Tablett pr\u00e4sentieren.<\/p>\n<p>&nbsp;<\/p>\n<p>&nbsp;<\/p>\n<h2 class=\"western\"><span class=\"ez-toc-section\" id=\"Schwarze_Deko_im_Badezimmer\"><\/span>Schwarze Deko im Badezimmer<span class=\"ez-toc-section-end\"><\/span><\/h2>\n<p>Morgens ins Bad kommen und in einem lichtdurchfluteten Raum stehen ist nicht f\u00fcr jeden der passende Beginn des Tages. Und auch am Abend willst du sicherlich langsam in die Nacht \u00fcbergehen. Schwarze Dekoelemente im Bad k\u00f6nnen dabei helfen, die M\u00f6glichkeiten sind gro\u00df. So bringen schwarze Zahnb\u00fcrsten und Zahnputzbecher Raffinesse ins Bad, gleichzeitig schlucken sie Licht. Schwarze Handt\u00fccher, sowohl f\u00fcr die H\u00e4nde als auch als Duschhandtuch erf\u00fcllen den gleichen Zweck. Und warum nicht auch noch einen schwarzen Badvorleger.<\/p>\n<p>&nbsp;<\/p>\n<h2 class=\"western\"><span class=\"ez-toc-section\" id=\"Im_Bett_darfst_du_gerne_schwarzsehen\"><\/span>Im Bett darfst du gerne schwarzsehen<span class=\"ez-toc-section-end\"><\/span><\/h2>\n<p>Mit schwarzen Dekoideen im Schlafzimmer kannst du zum einen Design hervorheben, zum anderen Ruhe und Gem\u00fctlichkeit in den Raum bringen. Schwarze Lampen und Dekorationen senken die Lichtlast und helfen dir beim Einschlafen. Du kannst schwarze Vorh\u00e4nge oder gar Wandteppiche anbringen, die den Raum behaglicher machen. Ein schwarzer Kleiderst\u00e4nder, eine W\u00e4schebox in Schwarz oder eine schwarze Ladestation f\u00fcrs Handy sehen schick aus und bringen Ruhe ins Zimmer.<\/p>\n<p>&nbsp;<\/p>\n<p>So verh\u00e4lt es sich auch bei Lampenschirmen. Sind diese in Schwarz, reflektieren sie wenig Licht. So wird nur soviel Licht auf dein Buch oder deine Bettseite geleitet wie unbedingt notwendig. Auch eine Stehlampe wird mit einem schwarzen Schirm aufgewertet. Das umso mehr, wenn du im Schlafzimmer einen Lesesessel hast (zum Beispiel aus schwarzem Leder).<\/p>\n<p>&nbsp;<\/p>\n<p>Punktuell kannst du auch mit der <a title=\"Schwarze Dekoration - Loox Einbauleuchte LED\" href=\"https:\/\/www.hwt-pro.com\/beleuchtung\/einbau-unterbauleuchten\/einbauleuchten\/led-12-v\/372\/haefele-sockelleuchte-12v-sensorgesteuert-loox-einbauleuchte-led-2028\">Loox LED Einbauleuchte<\/a> schwarz dekorieren und gleichzeitig Farb- und Lichtakzente setzen.<\/p>\n<p>&nbsp;<\/p>\n<p style=\"text-align: center;\"><a href=\"https:\/\/www.hwt-pro.com\/beleuchtung\/haefele-loox5\"><img decoding=\"async\" id=\"tinymce-editor-image-d12635cd-ace5-4b1c-a606-fa73b3a61f09\" class=\"tinymce-editor-image tinymce-editor-image-d12635cd-ace5-4b1c-a606-fa73b3a61f09\" src=\"https:\/\/www.hwt-pro.com\/magazin\/wp-content\/uploads\/Schwarze-Dekoideen-H-fele-Sockelleuchte-12V-Loox-Einbauleuchte-LED.jpg\" alt=\"Schwarze-Dekoideen-H-fele-Sockelleuchte-12V-Loox-Einbauleuchte-LED\" data-src=\"https:\/\/www.hwt-pro.com\/magazin\/wp-content\/uploads\/Schwarze-Dekoideen-H-fele-Sockelleuchte-12V-Loox-Einbauleuchte-LED.jpg\"><\/a><\/p>\n<p>&nbsp;<\/p>\n<h2 class=\"western\"><span class=\"ez-toc-section\" id=\"Schwarze_Dekoration_und_Holz\"><\/span>Schwarze Dekoration und Holz<span class=\"ez-toc-section-end\"><\/span><\/h2>\n<p>Eine oft vergessene, aber eigentliche ideale Kombination ist Holz und die Farbe Schwarz. Der dunkle Ton hebt die Holzfarbe hervor, sei es durch eine schwarze Sitzfl\u00e4che oder einem schwarzen Teeservice auf einer Anrichte aus Naturholz. Schwarz erg\u00e4nzt sich mit hellen wie dunklen Holzt\u00f6nen, bei Beschl\u00e4gen und bei Dekoelementen wie schwarze Kerzenst\u00e4nder, kleine Bilderrahmen, Schalen f\u00fcr Duftblumen, K\u00e4stchen und Pillendosen.<\/p>\n<p>&nbsp;<\/p>\n<h2 class=\"western\"><span class=\"ez-toc-section\" id=\"Schwarz_dekorieren_mit_Fantasie\"><\/span>Schwarz dekorieren mit Fantasie<span class=\"ez-toc-section-end\"><\/span><\/h2>\n<p>Mit schwarzen Dekorationen kannst du experimentieren und diese an unterschiedlichen Orten ausprobieren. So kannst du feststellen, wo sie ihre gr\u00f6\u00dfte Wirkung entfalten k\u00f6nnen. Der Fantasie sind da keine Grenzen gesetzt, es braucht einfach ein wenig Mut und Experimentierfreude, um die Farbe Schwarz ins Haus zu lassen. Selbst bei neuen Farbtrends wie Greige, einer Mischung aus Beige und Grau, wirst du schwarze Elemente finden, die diesen Farbton in den Mittelpunkt setzen.<\/p>\n<p>&nbsp;<\/p>\n<p>Und letztlich ist Schwarz immer gut mit Wei\u00df zu kombinieren. Schwarze Sofakissen auf einem wei\u00dfen Sofa sind ebenso ein Hingucker wie ein schwarzer Teppich auf wei\u00dfen Fliesen. Probiere einmal aus, wie sich schwarz-wei\u00df gestreifte Vorh\u00e4nge machen. Oder dekorieren dein Homeoffice in den beiden Farben, mit einem wei\u00dfen Schreibtisch, einem schwarzen Stuhl, wei\u00dfe Regale und schwarze Zettelboxen, wei\u00dfes Keyboard und<a href=\"https:\/\/www.hwt-pro.com\/beleuchtung\/anbau-multi-weiss-leuchten\/anbauleuchten\/led-12-v\/5777\/flexible-led-leseleuchte-modus-dimmbar-12-v-leselampe-mit-usb-ladestation\"><span style=\"color: #1155cc;\"><span style=\"text-decoration: underline;\"> schwarzer oder wei\u00dfer LED Lampe<\/span><\/span><\/a>, die am Tisch befestigt werden kann.<\/p>\n<p>&nbsp;<\/p>\n<p style=\"text-align: center;\"><a href=\"https:\/\/www.hwt-pro.com\/beleuchtung\/anbau-multi-weiss-leuchten\/anbauleuchten\/led-12-v\/5777\/flexible-led-leseleuchte-modus-dimmbar-12-v-leselampe-mit-usb-ladestation?number=\"><img decoding=\"async\" id=\"tinymce-editor-image-14ee9d50-754c-4e2d-bd82-4f8c146d2bce\" class=\"tinymce-editor-image tinymce-editor-image-14ee9d50-754c-4e2d-bd82-4f8c146d2bce\" src=\"https:\/\/www.hwt-pro.com\/magazin\/wp-content\/uploads\/Schwarze-Dekoration-flexible-LED-Leseleuchte-dimmbar.jpg\" alt=\"Schwarze-Dekoration-flexible-LED-Leseleuchte-dimmbar\" data-src=\"https:\/\/www.hwt-pro.com\/magazin\/wp-content\/uploads\/Schwarze-Dekoration-flexible-LED-Leseleuchte-dimmbar.jpg\"><\/a><\/p>\n<p>&nbsp;<\/p>\n<p>&nbsp;<\/p>\n","protected":false},"excerpt":{"rendered":"<p>Schwarz als dekoratives Element ist wieder im Kommen. Die Farbe, die lange Zeit Kellern und Fotolaboren vorbehalten war, hat in der Raumgestaltung eine Renaissance erfahren. So wie Smartphones heute ein Dark Theme haben, werden Innenr\u00e4ume mit schwarz nuancierter, dunkler aber auch tiefer. Meistens erreichst du diese Stimmung, in dem eine Wand im Raum schwarz angemalt wird. Schwarz kann aber auch im Kleinen wirken und Akzente setzen. Schwarz dekorieren macht Spa\u00df und kostet nicht viel Geld.<\/p>\n","protected":false},"author":4,"featured_media":232739,"comment_status":"open","ping_status":"closed","sticky":false,"template":"","format":"standard","meta":{"_et_pb_use_builder":"","_et_pb_old_content":"","_et_gb_content_width":"","footnotes":"","_links_to":"","_links_to_target":""},"categories":[662,861],"tags":[824,823,822],"class_list":["post-233293","post","type-post","status-publish","format-standard","has-post-thumbnail","hentry","category-allgemein","category-wohnen","tag-dekoideen-schwarz","tag-schwarz-dekorieren","tag-schwarze-dekoration"],"yoast_head":"<!-- This site is optimized with the Yoast SEO Premium plugin v20.6 (Yoast SEO v23.4) - https:\/\/yoast.com\/wordpress\/plugins\/seo\/ -->\n<title>Schwarze Dekoration<\/title>\n<meta name=\"description\" content=\"Schwarze Dekoration ist im Trend und dr\u00e4ngt sich nicht in den Vordergrund. Entdecke schwarze Dekoideen f\u00fcr Wohnzimmer, K\u00fcche, Garderobe und Bad.\" \/>\n<meta name=\"robots\" content=\"index, follow, max-snippet:-1, max-image-preview:large, max-video-preview:-1\" \/>\n<link rel=\"canonical\" href=\"https:\/\/www.hwt-pro.com\/magazin\/dekoration-schwarze-akzente-setzen\/\" \/>\n<meta property=\"og:locale\" content=\"de_DE\" \/>\n<meta property=\"og:type\" content=\"article\" \/>\n<meta property=\"og:title\" content=\"Dekoration: Schwarze Akzente setzen\" \/>\n<meta property=\"og:description\" content=\"Schwarze Dekoration ist im Trend und dr\u00e4ngt sich nicht in den Vordergrund. Entdecke schwarze Dekoideen f\u00fcr Wohnzimmer, K\u00fcche, Garderobe und Bad.\" \/>\n<meta property=\"og:url\" content=\"https:\/\/www.hwt-pro.com\/magazin\/dekoration-schwarze-akzente-setzen\/\" \/>\n<meta property=\"og:site_name\" content=\"Tipps &amp; Tricks f\u00fcr Heimwerker - Basteln, Beschl\u00e4ge und DIY\" \/>\n<meta property=\"article:publisher\" content=\"https:\/\/www.facebook.com\/heimwerkertools\" \/>\n<meta property=\"article:published_time\" content=\"2021-07-15T11:00:00+00:00\" \/>\n<meta property=\"article:modified_time\" content=\"2022-12-08T15:08:54+00:00\" \/>\n<meta property=\"og:image\" content=\"https:\/\/www.hwt-pro.com\/magazin\/wp-content\/uploads\/Schwarze-Dekoration-K-che-schwarz-dekorieren.jpg\" \/>\n\t<meta property=\"og:image:width\" content=\"600\" \/>\n\t<meta property=\"og:image:height\" content=\"971\" \/>\n\t<meta property=\"og:image:type\" content=\"image\/jpeg\" \/>\n<meta name=\"author\" content=\"Kevin Weiss\" \/>\n<meta name=\"twitter:card\" content=\"summary_large_image\" \/>\n<meta name=\"twitter:label1\" content=\"Verfasst von\" \/>\n\t<meta name=\"twitter:data1\" content=\"Kevin Weiss\" \/>\n\t<meta name=\"twitter:label2\" content=\"Gesch\u00e4tzte Lesezeit\" \/>\n\t<meta name=\"twitter:data2\" content=\"6\u00a0Minuten\" \/>\n<script type=\"application\/ld+json\" class=\"yoast-schema-graph\">{\"@context\":\"https:\/\/schema.org\",\"@graph\":[{\"@type\":\"Article\",\"@id\":\"https:\/\/www.hwt-pro.com\/magazin\/dekoration-schwarze-akzente-setzen\/#article\",\"isPartOf\":{\"@id\":\"https:\/\/www.hwt-pro.com\/magazin\/dekoration-schwarze-akzente-setzen\/\"},\"author\":{\"name\":\"Kevin Weiss\",\"@id\":\"https:\/\/www.hwt-pro.com\/magazin\/#\/schema\/person\/a21bb8f10603787feb5a97912a21c0e8\"},\"headline\":\"Dekoration: Schwarze Akzente setzen\",\"datePublished\":\"2021-07-15T11:00:00+00:00\",\"dateModified\":\"2022-12-08T15:08:54+00:00\",\"mainEntityOfPage\":{\"@id\":\"https:\/\/www.hwt-pro.com\/magazin\/dekoration-schwarze-akzente-setzen\/\"},\"wordCount\":1158,\"commentCount\":3,\"publisher\":{\"@id\":\"https:\/\/www.hwt-pro.com\/magazin\/#organization\"},\"image\":{\"@id\":\"https:\/\/www.hwt-pro.com\/magazin\/dekoration-schwarze-akzente-setzen\/#primaryimage\"},\"thumbnailUrl\":\"https:\/\/www.hwt-pro.com\/magazin\/wp-content\/uploads\/Schwarze-Dekoration-K-che-schwarz-dekorieren.jpg\",\"keywords\":[\"Dekoideen schwarz\",\"schwarz dekorieren\",\"Schwarze Dekoration\"],\"articleSection\":{\"1\":\"Wohnen\"},\"inLanguage\":\"de\",\"potentialAction\":[{\"@type\":\"CommentAction\",\"name\":\"Comment\",\"target\":[\"https:\/\/www.hwt-pro.com\/magazin\/dekoration-schwarze-akzente-setzen\/#respond\"]}]},{\"@type\":\"WebPage\",\"@id\":\"https:\/\/www.hwt-pro.com\/magazin\/dekoration-schwarze-akzente-setzen\/\",\"url\":\"https:\/\/www.hwt-pro.com\/magazin\/dekoration-schwarze-akzente-setzen\/\",\"name\":\"Schwarze Dekoration\",\"isPartOf\":{\"@id\":\"https:\/\/www.hwt-pro.com\/magazin\/#website\"},\"primaryImageOfPage\":{\"@id\":\"https:\/\/www.hwt-pro.com\/magazin\/dekoration-schwarze-akzente-setzen\/#primaryimage\"},\"image\":{\"@id\":\"https:\/\/www.hwt-pro.com\/magazin\/dekoration-schwarze-akzente-setzen\/#primaryimage\"},\"thumbnailUrl\":\"https:\/\/www.hwt-pro.com\/magazin\/wp-content\/uploads\/Schwarze-Dekoration-K-che-schwarz-dekorieren.jpg\",\"datePublished\":\"2021-07-15T11:00:00+00:00\",\"dateModified\":\"2022-12-08T15:08:54+00:00\",\"description\":\"Schwarze Dekoration ist im Trend und dr\u00e4ngt sich nicht in den Vordergrund. Entdecke schwarze Dekoideen f\u00fcr Wohnzimmer, K\u00fcche, Garderobe und Bad.\",\"breadcrumb\":{\"@id\":\"https:\/\/www.hwt-pro.com\/magazin\/dekoration-schwarze-akzente-setzen\/#breadcrumb\"},\"inLanguage\":\"de\",\"potentialAction\":[{\"@type\":\"ReadAction\",\"target\":[\"https:\/\/www.hwt-pro.com\/magazin\/dekoration-schwarze-akzente-setzen\/\"]}]},{\"@type\":\"ImageObject\",\"inLanguage\":\"de\",\"@id\":\"https:\/\/www.hwt-pro.com\/magazin\/dekoration-schwarze-akzente-setzen\/#primaryimage\",\"url\":\"https:\/\/www.hwt-pro.com\/magazin\/wp-content\/uploads\/Schwarze-Dekoration-K-che-schwarz-dekorieren.jpg\",\"contentUrl\":\"https:\/\/www.hwt-pro.com\/magazin\/wp-content\/uploads\/Schwarze-Dekoration-K-che-schwarz-dekorieren.jpg\",\"width\":600,\"height\":971,\"caption\":\"Dekoration: Schwarze Akzente setzen\"},{\"@type\":\"BreadcrumbList\",\"@id\":\"https:\/\/www.hwt-pro.com\/magazin\/dekoration-schwarze-akzente-setzen\/#breadcrumb\",\"itemListElement\":[{\"@type\":\"ListItem\",\"position\":1,\"name\":\"Home\",\"item\":\"https:\/\/www.hwt-pro.com\/magazin\/\"},{\"@type\":\"ListItem\",\"position\":2,\"name\":\"Dekoration: Schwarze Akzente setzen\"}]},{\"@type\":\"WebSite\",\"@id\":\"https:\/\/www.hwt-pro.com\/magazin\/#website\",\"url\":\"https:\/\/www.hwt-pro.com\/magazin\/\",\"name\":\"Tipps &amp; Tricks f\u00fcr Heimwerker - Basteln, Beschl\u00e4ge und DIY\",\"description\":\"Das Online-Magazin f\u00fcr Heimwerker und solche, die es noch werden wollen.\",\"publisher\":{\"@id\":\"https:\/\/www.hwt-pro.com\/magazin\/#organization\"},\"potentialAction\":[{\"@type\":\"SearchAction\",\"target\":{\"@type\":\"EntryPoint\",\"urlTemplate\":\"https:\/\/www.hwt-pro.com\/magazin\/?s={search_term_string}\"},\"query-input\":{\"@type\":\"PropertyValueSpecification\",\"valueRequired\":true,\"valueName\":\"search_term_string\"}}],\"inLanguage\":\"de\"},{\"@type\":\"Organization\",\"@id\":\"https:\/\/www.hwt-pro.com\/magazin\/#organization\",\"name\":\"Heimwerkertools Handelsgesellschaft m.b.H.\",\"url\":\"https:\/\/www.hwt-pro.com\/magazin\/\",\"logo\":{\"@type\":\"ImageObject\",\"inLanguage\":\"de\",\"@id\":\"https:\/\/www.hwt-pro.com\/magazin\/#\/schema\/logo\/image\/\",\"url\":\"https:\/\/www.hwt-pro.com\/magazin\/wp-content\/uploads\/logo-heimwerkertools-rot-1000px.png\",\"contentUrl\":\"https:\/\/www.hwt-pro.com\/magazin\/wp-content\/uploads\/logo-heimwerkertools-rot-1000px.png\",\"width\":1000,\"height\":190,\"caption\":\"Heimwerkertools Handelsgesellschaft m.b.H.\"},\"image\":{\"@id\":\"https:\/\/www.hwt-pro.com\/magazin\/#\/schema\/logo\/image\/\"},\"sameAs\":[\"https:\/\/www.facebook.com\/heimwerkertools\"]},{\"@type\":\"Person\",\"@id\":\"https:\/\/www.hwt-pro.com\/magazin\/#\/schema\/person\/a21bb8f10603787feb5a97912a21c0e8\",\"name\":\"Kevin Weiss\"}]}<\/script>\n<!-- \/ Yoast SEO Premium plugin. -->","yoast_head_json":{"title":"Schwarze Dekoration","description":"Schwarze Dekoration ist im Trend und dr\u00e4ngt sich nicht in den Vordergrund. Entdecke schwarze Dekoideen f\u00fcr Wohnzimmer, K\u00fcche, Garderobe und Bad.","robots":{"index":"index","follow":"follow","max-snippet":"max-snippet:-1","max-image-preview":"max-image-preview:large","max-video-preview":"max-video-preview:-1"},"canonical":"https:\/\/www.hwt-pro.com\/magazin\/dekoration-schwarze-akzente-setzen\/","og_locale":"de_DE","og_type":"article","og_title":"Dekoration: Schwarze Akzente setzen","og_description":"Schwarze Dekoration ist im Trend und dr\u00e4ngt sich nicht in den Vordergrund. Entdecke schwarze Dekoideen f\u00fcr Wohnzimmer, K\u00fcche, Garderobe und Bad.","og_url":"https:\/\/www.hwt-pro.com\/magazin\/dekoration-schwarze-akzente-setzen\/","og_site_name":"Tipps &amp; Tricks f\u00fcr Heimwerker - Basteln, Beschl\u00e4ge und DIY","article_publisher":"https:\/\/www.facebook.com\/heimwerkertools","article_published_time":"2021-07-15T11:00:00+00:00","article_modified_time":"2022-12-08T15:08:54+00:00","og_image":[{"width":600,"height":971,"url":"https:\/\/www.hwt-pro.com\/magazin\/wp-content\/uploads\/Schwarze-Dekoration-K-che-schwarz-dekorieren.jpg","type":"image\/jpeg"}],"author":"Kevin Weiss","twitter_card":"summary_large_image","twitter_misc":{"Verfasst von":"Kevin Weiss","Gesch\u00e4tzte Lesezeit":"6\u00a0Minuten"},"schema":{"@context":"https:\/\/schema.org","@graph":[{"@type":"Article","@id":"https:\/\/www.hwt-pro.com\/magazin\/dekoration-schwarze-akzente-setzen\/#article","isPartOf":{"@id":"https:\/\/www.hwt-pro.com\/magazin\/dekoration-schwarze-akzente-setzen\/"},"author":{"name":"Kevin Weiss","@id":"https:\/\/www.hwt-pro.com\/magazin\/#\/schema\/person\/a21bb8f10603787feb5a97912a21c0e8"},"headline":"Dekoration: Schwarze Akzente setzen","datePublished":"2021-07-15T11:00:00+00:00","dateModified":"2022-12-08T15:08:54+00:00","mainEntityOfPage":{"@id":"https:\/\/www.hwt-pro.com\/magazin\/dekoration-schwarze-akzente-setzen\/"},"wordCount":1158,"commentCount":3,"publisher":{"@id":"https:\/\/www.hwt-pro.com\/magazin\/#organization"},"image":{"@id":"https:\/\/www.hwt-pro.com\/magazin\/dekoration-schwarze-akzente-setzen\/#primaryimage"},"thumbnailUrl":"https:\/\/www.hwt-pro.com\/magazin\/wp-content\/uploads\/Schwarze-Dekoration-K-che-schwarz-dekorieren.jpg","keywords":["Dekoideen schwarz","schwarz dekorieren","Schwarze Dekoration"],"articleSection":{"1":"Wohnen"},"inLanguage":"de","potentialAction":[{"@type":"CommentAction","name":"Comment","target":["https:\/\/www.hwt-pro.com\/magazin\/dekoration-schwarze-akzente-setzen\/#respond"]}]},{"@type":"WebPage","@id":"https:\/\/www.hwt-pro.com\/magazin\/dekoration-schwarze-akzente-setzen\/","url":"https:\/\/www.hwt-pro.com\/magazin\/dekoration-schwarze-akzente-setzen\/","name":"Schwarze Dekoration","isPartOf":{"@id":"https:\/\/www.hwt-pro.com\/magazin\/#website"},"primaryImageOfPage":{"@id":"https:\/\/www.hwt-pro.com\/magazin\/dekoration-schwarze-akzente-setzen\/#primaryimage"},"image":{"@id":"https:\/\/www.hwt-pro.com\/magazin\/dekoration-schwarze-akzente-setzen\/#primaryimage"},"thumbnailUrl":"https:\/\/www.hwt-pro.com\/magazin\/wp-content\/uploads\/Schwarze-Dekoration-K-che-schwarz-dekorieren.jpg","datePublished":"2021-07-15T11:00:00+00:00","dateModified":"2022-12-08T15:08:54+00:00","description":"Schwarze Dekoration ist im Trend und dr\u00e4ngt sich nicht in den Vordergrund. Entdecke schwarze Dekoideen f\u00fcr Wohnzimmer, K\u00fcche, Garderobe und Bad.","breadcrumb":{"@id":"https:\/\/www.hwt-pro.com\/magazin\/dekoration-schwarze-akzente-setzen\/#breadcrumb"},"inLanguage":"de","potentialAction":[{"@type":"ReadAction","target":["https:\/\/www.hwt-pro.com\/magazin\/dekoration-schwarze-akzente-setzen\/"]}]},{"@type":"ImageObject","inLanguage":"de","@id":"https:\/\/www.hwt-pro.com\/magazin\/dekoration-schwarze-akzente-setzen\/#primaryimage","url":"https:\/\/www.hwt-pro.com\/magazin\/wp-content\/uploads\/Schwarze-Dekoration-K-che-schwarz-dekorieren.jpg","contentUrl":"https:\/\/www.hwt-pro.com\/magazin\/wp-content\/uploads\/Schwarze-Dekoration-K-che-schwarz-dekorieren.jpg","width":600,"height":971,"caption":"Dekoration: Schwarze Akzente setzen"},{"@type":"BreadcrumbList","@id":"https:\/\/www.hwt-pro.com\/magazin\/dekoration-schwarze-akzente-setzen\/#breadcrumb","itemListElement":[{"@type":"ListItem","position":1,"name":"Home","item":"https:\/\/www.hwt-pro.com\/magazin\/"},{"@type":"ListItem","position":2,"name":"Dekoration: Schwarze Akzente setzen"}]},{"@type":"WebSite","@id":"https:\/\/www.hwt-pro.com\/magazin\/#website","url":"https:\/\/www.hwt-pro.com\/magazin\/","name":"Tipps &amp; Tricks f\u00fcr Heimwerker - Basteln, Beschl\u00e4ge und DIY","description":"Das Online-Magazin f\u00fcr Heimwerker und solche, die es noch werden wollen.","publisher":{"@id":"https:\/\/www.hwt-pro.com\/magazin\/#organization"},"potentialAction":[{"@type":"SearchAction","target":{"@type":"EntryPoint","urlTemplate":"https:\/\/www.hwt-pro.com\/magazin\/?s={search_term_string}"},"query-input":{"@type":"PropertyValueSpecification","valueRequired":true,"valueName":"search_term_string"}}],"inLanguage":"de"},{"@type":"Organization","@id":"https:\/\/www.hwt-pro.com\/magazin\/#organization","name":"Heimwerkertools Handelsgesellschaft m.b.H.","url":"https:\/\/www.hwt-pro.com\/magazin\/","logo":{"@type":"ImageObject","inLanguage":"de","@id":"https:\/\/www.hwt-pro.com\/magazin\/#\/schema\/logo\/image\/","url":"https:\/\/www.hwt-pro.com\/magazin\/wp-content\/uploads\/logo-heimwerkertools-rot-1000px.png","contentUrl":"https:\/\/www.hwt-pro.com\/magazin\/wp-content\/uploads\/logo-heimwerkertools-rot-1000px.png","width":1000,"height":190,"caption":"Heimwerkertools Handelsgesellschaft m.b.H."},"image":{"@id":"https:\/\/www.hwt-pro.com\/magazin\/#\/schema\/logo\/image\/"},"sameAs":["https:\/\/www.facebook.com\/heimwerkertools"]},{"@type":"Person","@id":"https:\/\/www.hwt-pro.com\/magazin\/#\/schema\/person\/a21bb8f10603787feb5a97912a21c0e8","name":"Kevin Weiss"}]}},"_links":{"self":[{"href":"https:\/\/www.hwt-pro.com\/magazin\/wp-json\/wp\/v2\/posts\/233293","targetHints":{"allow":["GET"]}}],"collection":[{"href":"https:\/\/www.hwt-pro.com\/magazin\/wp-json\/wp\/v2\/posts"}],"about":[{"href":"https:\/\/www.hwt-pro.com\/magazin\/wp-json\/wp\/v2\/types\/post"}],"author":[{"embeddable":true,"href":"https:\/\/www.hwt-pro.com\/magazin\/wp-json\/wp\/v2\/users\/4"}],"replies":[{"embeddable":true,"href":"https:\/\/www.hwt-pro.com\/magazin\/wp-json\/wp\/v2\/comments?post=233293"}],"version-history":[{"count":1,"href":"https:\/\/www.hwt-pro.com\/magazin\/wp-json\/wp\/v2\/posts\/233293\/revisions"}],"predecessor-version":[{"id":234316,"href":"https:\/\/www.hwt-pro.com\/magazin\/wp-json\/wp\/v2\/posts\/233293\/revisions\/234316"}],"wp:featuredmedia":[{"embeddable":true,"href":"https:\/\/www.hwt-pro.com\/magazin\/wp-json\/wp\/v2\/media\/232739"}],"wp:attachment":[{"href":"https:\/\/www.hwt-pro.com\/magazin\/wp-json\/wp\/v2\/media?parent=233293"}],"wp:term":[{"taxonomy":"category","embeddable":true,"href":"https:\/\/www.hwt-pro.com\/magazin\/wp-json\/wp\/v2\/categories?post=233293"},{"taxonomy":"post_tag","embeddable":true,"href":"https:\/\/www.hwt-pro.com\/magazin\/wp-json\/wp\/v2\/tags?post=233293"}],"curies":[{"name":"wp","href":"https:\/\/api.w.org\/{rel}","templated":true}]}}